{"id":5823,"date":"2023-04-25T14:52:24","date_gmt":"2023-04-25T14:52:24","guid":{"rendered":"https:\/\/exciting-panini.13-37-234-21.plesk.page\/?p=5823"},"modified":"2024-08-06T11:33:57","modified_gmt":"2024-08-06T11:33:57","slug":"la-responsabilite-partagee-des-sous-traitants","status":"publish","type":"post","link":"https:\/\/viqtor.eu\/de\/la-responsabilite-partagee-des-sous-traitants\/","title":{"rendered":"Gemeinsame Verantwortung von Subunternehmern"},"content":{"rendered":"<div data-elementor-type=\"wp-post\" data-elementor-id=\"5823\" class=\"elementor elementor-5823\" data-elementor-post-type=\"post\">\n\t\t\t\t\t\t<section class=\"elementor-section elementor-top-section elementor-element elementor-element-bc30a27 ot-traditional elementor-section-boxed elementor-section-height-default elementor-section-height-default\" data-id=\"bc30a27\" data-element_type=\"section\">\n\t\t\t\t\t\t<div class=\"elementor-container elementor-column-gap-default\">\n\t\t\t\t\t<div class=\"elementor-column elementor-col-100 elementor-top-column elementor-element elementor-element-af873c8 ot-flex-column-vertical\" data-id=\"af873c8\" data-element_type=\"column\">\n\t\t\t<div class=\"elementor-widget-wrap elementor-element-populated\">\n\t\t\t\t\t\t<div class=\"elementor-element elementor-element-f2dd63c elementor-widget elementor-widget-image\" data-id=\"f2dd63c\" data-element_type=\"widget\" data-widget_type=\"image.default\">\n\t\t\t\t<div class=\"elementor-widget-container\">\n\t\t\t\t\t\t\t\t\t\t\t\t\t<img fetchpriority=\"high\" decoding=\"async\" width=\"2048\" height=\"1152\" src=\"https:\/\/viqtor.eu\/wp-content\/uploads\/2023\/04\/La-responsabilite-partagee-des-sous-traitants.jpg\" class=\"attachment-full size-full wp-image-12173\" alt=\"La responsabilit\u00e9 partag\u00e9e des sous-traitants\" srcset=\"https:\/\/viqtor.eu\/wp-content\/uploads\/2023\/04\/La-responsabilite-partagee-des-sous-traitants.jpg 2048w, https:\/\/viqtor.eu\/wp-content\/uploads\/2023\/04\/La-responsabilite-partagee-des-sous-traitants-300x169.jpg 300w, https:\/\/viqtor.eu\/wp-content\/uploads\/2023\/04\/La-responsabilite-partagee-des-sous-traitants-1024x576.jpg 1024w, https:\/\/viqtor.eu\/wp-content\/uploads\/2023\/04\/La-responsabilite-partagee-des-sous-traitants-768x432.jpg 768w, https:\/\/viqtor.eu\/wp-content\/uploads\/2023\/04\/La-responsabilite-partagee-des-sous-traitants-1536x864.jpg 1536w, https:\/\/viqtor.eu\/wp-content\/uploads\/2023\/04\/La-responsabilite-partagee-des-sous-traitants-720x405.jpg 720w\" sizes=\"(max-width: 2048px) 100vw, 2048px\" \/>\t\t\t\t\t\t\t\t\t\t\t\t\t<\/div>\n\t\t\t\t<\/div>\n\t\t\t\t\t<\/div>\n\t\t<\/div>\n\t\t\t\t\t<\/div>\n\t\t<\/section>\n\t\t\t\t<section class=\"elementor-section elementor-top-section elementor-element elementor-element-1d10800 ot-traditional elementor-section-boxed elementor-section-height-default elementor-section-height-default\" data-id=\"1d10800\" data-element_type=\"section\">\n\t\t\t\t\t\t<div class=\"elementor-container elementor-column-gap-default\">\n\t\t\t\t\t<div class=\"elementor-column elementor-col-100 elementor-top-column elementor-element elementor-element-c3533f5 ot-flex-column-vertical\" data-id=\"c3533f5\" data-element_type=\"column\">\n\t\t\t<div class=\"elementor-widget-wrap elementor-element-populated\">\n\t\t\t\t\t\t<div class=\"elementor-element elementor-element-403f333 elementor-widget elementor-widget-heading\" data-id=\"403f333\" data-element_type=\"widget\" data-widget_type=\"heading.default\">\n\t\t\t\t<div class=\"elementor-widget-container\">\n\t\t\t<h1 class=\"elementor-heading-title elementor-size-default\">Gemeinsame Verantwortung von Subunternehmern<\/h1>\t\t<\/div>\n\t\t\t\t<\/div>\n\t\t\t\t\t<\/div>\n\t\t<\/div>\n\t\t\t\t\t<\/div>\n\t\t<\/section>\n\t\t\t\t<section class=\"elementor-section elementor-top-section elementor-element elementor-element-602d6545 ot-traditional elementor-section-boxed elementor-section-height-default elementor-section-height-default\" data-id=\"602d6545\" data-element_type=\"section\">\n\t\t\t\t\t\t<div class=\"elementor-container elementor-column-gap-default\">\n\t\t\t\t\t<div class=\"elementor-column elementor-col-100 elementor-top-column elementor-element elementor-element-9af1cc7 ot-flex-column-vertical\" data-id=\"9af1cc7\" data-element_type=\"column\">\n\t\t\t<div class=\"elementor-widget-wrap elementor-element-populated\">\n\t\t\t\t\t\t<div class=\"elementor-element elementor-element-6c7bcdc7 elementor-widget elementor-widget-text-editor\" data-id=\"6c7bcdc7\" data-element_type=\"widget\" data-widget_type=\"text-editor.default\">\n\t\t\t\t<div class=\"elementor-widget-container\">\n\t\t\t\t\t\t\t<!-- wp:paragraph -->\n<p><strong>Auszug aus Bruno DUMAYs Buch: GDPR DECRYPTION \u2013 F\u00fcr Manager, strategische Abteilungen und Mitarbeiter von Unternehmen und Organisationen \u2013 Vorwort von Ga\u00eblle MONTEILLER<\/strong><\/p>\n<!-- \/wp:paragraph --><!-- wp:paragraph -->\n<p>Im gesamten Text werden neben den Verantwortlichen auch Auftragsverarbeiter genannt. Gem\u00e4\u00df Artikel 4-8 ist ein Auftragsverarbeiter \u201eeine nat\u00fcrliche oder juristische Person, Beh\u00f6rde, Einrichtung oder andere Stelle, die personenbezogene Daten im Auftrag des Verantwortlichen verarbeitet\u201c. Er darf nur im Rahmen eines Vertrags oder eines anderen Rechtsakts der Europ\u00e4ischen Union t\u00e4tig werden, der seine Datenschutzverpflichtungen bekr\u00e4ftigt (Artikel 28-3).<\/p>\n<!-- \/wp:paragraph --><!-- wp:paragraph -->\n<p>Im September 2017 ver\u00f6ffentlichte die CNIL einen Leitfaden f\u00fcr Subunternehmer, der deren Rolle und Wesen in der Datenverarbeitungs- und Datenschutzkette klarstellt.<\/p>\n<!-- \/wp:paragraph --><!-- wp:paragraph -->\n<p>Trotz seiner genauen Definition kann der Begriff Subunternehmer auf viele Strukturen angewendet werden, die im Folgenden aufgef\u00fchrt sind:<\/p>\n<!-- \/wp:paragraph --><!-- wp:paragraph -->\n<p>\u201e\u2013 IT-Dienstleister (Hosting, Wartung usw.), Softwareintegratoren, IT-Sicherheitsunternehmen, digitale Serviceunternehmen oder fr\u00fchere IT-Service- und Engineering-Unternehmen (SSII), die Zugriff auf die Daten haben;<\/p>\n<!-- \/wp:paragraph --><!-- wp:paragraph -->\n<p>\u2013 Marketing- oder Kommunikationsagenturen, die personenbezogene Daten im Auftrag von Kunden verarbeiten;<\/p>\n<!-- \/wp:paragraph --><!-- wp:paragraph -->\n<p>\u2013 allgemeiner jede Organisation, die eine Dienstleistung oder Bereitstellung anbietet, bei der personenbezogene Daten im Auftrag einer anderen Organisation verarbeitet werden;<\/p>\n<!-- \/wp:paragraph --><!-- wp:paragraph -->\n<p>\u2013 Der Erwerb einer solchen Qualifikation kann auch von einer \u00f6ffentlichen Einrichtung oder einem Verein verlangt werden.\u201c<\/p>\n<!-- \/wp:paragraph --><!-- wp:paragraph -->\n<p>Bitte beachten Sie, dass bei der Datenverarbeitung im eigenen Auftrag (z.B. Personalverwaltung) der Subunternehmer f\u00fcr die Verarbeitung verantwortlich ist. Dies gilt auch dann, wenn er die Zwecke und Mittel der Verarbeitung selbst bestimmt.<\/p>\n<!-- \/wp:paragraph --><!-- wp:paragraph -->\n<p>Bei Zweifeln hinsichtlich des Status \u2013 Verantwortlicher oder Auftragsverarbeiter \u2013 verweist die CNIL auf die Stellungnahme der europ\u00e4ischen Aufsichtsbeh\u00f6rden vom 16. Februar 2010, die eine Reihe von Anhaltspunkten enth\u00e4lt, die genutzt werden k\u00f6nnen:<\/p>\n<!-- \/wp:paragraph --><!-- wp:paragraph -->\n<p>\u2013 die Autonomie des Dienstleisters bei der Erbringung seiner Dienstleistung;<\/p>\n<!-- \/wp:paragraph --><!-- wp:paragraph -->\n<p>\u2013 \u00dcberwachung des Dienstes;<\/p>\n<!-- \/wp:paragraph --><!-- wp:paragraph -->\n<p>\u2013 der Mehrwert, d. h. das Fachwissen, das der Dienstleister bereitstellt;<\/p>\n<!-- \/wp:paragraph --><!-- wp:paragraph -->\n<p>\u2013 der Grad der Transparenz hinsichtlich der Nutzung eines Dienstleisters (ist dessen Identit\u00e4t den betroffenen Personen bekannt, die die Dienste des Kunden nutzen?).<\/p>\n<!-- \/wp:paragraph --><!-- wp:paragraph -->\n<p>Gem\u00e4\u00df der DSGVO ist der Auftragsverarbeiter mitverantwortlich. Er unterst\u00fctzt den Verantwortlichen bei der Einhaltung seiner Pflichten (Art. 28-3f). Er f\u00fchrt ein Verzeichnis aller Kategorien von Verarbeitungst\u00e4tigkeiten, die im Auftrag des Verantwortlichen durchgef\u00fchrt werden (Art. 30-2). In den meisten F\u00e4llen muss er zudem einen Datenschutzbeauftragten ernennen (Art. 37), worauf wir sp\u00e4ter noch zur\u00fcckkommen werden.<\/p>\n<!-- \/wp:paragraph --><!-- wp:paragraph -->\n<p>Die CNIL legt in ihrem Leitfaden fest, was unter den \u201eausreichenden Garantien\u201c zu verstehen ist, die der Subunternehmer bieten muss, um seine Arbeit ausf\u00fchren zu k\u00f6nnen:<\/p>\n<!-- \/wp:paragraph --><!-- wp:paragraph -->\n<p>\u2013 Transparenz und R\u00fcckverfolgbarkeit (Vertrag, Anweisungen, Register und alle Informationen, die zum Nachweis der Einhaltung der Verpflichtungen erforderlich sind);<\/p>\n<!-- \/wp:paragraph --><!-- wp:paragraph -->\n<p>\u2013 Datenschutz von Anfang an und durch datenschutzfreundliche Voreinstellungen (minimale Verarbeitung, zweckgebunden und nur f\u00fcr diesen Zweck, begrenzte Dauer);<\/p>\n<!-- \/wp:paragraph --><!-- wp:paragraph -->\n<p>\u2013 Sicherheit der verarbeiteten Daten (Vertraulichkeit, Benachrichtigung im Falle einer Datenpanne, L\u00f6schung oder R\u00fcckgabe der Daten nach Beendigung der Dienstleistung);<\/p>\n<!-- \/wp:paragraph --><!-- wp:paragraph -->\n<p>\u2013 Hilfe, Alarmierung und Beratung.<\/p>\n<!-- \/wp:paragraph --><!-- wp:paragraph -->\n<p>Vergibt der Subunternehmer ebenfalls Unterauftr\u00e4ge, muss er zuvor eine schriftliche Genehmigung des Verantwortlichen einholen (Art. 28-2). Dieser zweite Subunternehmer unterliegt denselben Verpflichtungen, auch wenn er seinen Sitz au\u00dferhalb der Europ\u00e4ischen Union hat. Bei Nichteinhaltung dieser Verpflichtungen haftet der erste Subunternehmer. Anders ausgedr\u00fcckt: Im Falle eines Problems kann man sich nicht mit dem Standort eines Dienstleisters in Marokko oder Singapur herausreden, um eine nicht DSGVO-konforme Verarbeitung zu rechtfertigen.<\/p>\n<!-- \/wp:paragraph --><!-- wp:paragraph -->\n<p>Die CNIL empfiehlt, bestehende Vertr\u00e4ge durch Nachtr\u00e4ge zu \u00e4ndern, um die in der europ\u00e4ischen Verordnung vorgesehenen obligatorischen Klauseln aufzunehmen.<\/p>\n<!-- \/wp:paragraph --><!-- wp:paragraph -->\n<p>Ist ein Subunternehmer in mehreren EU-L\u00e4ndern t\u00e4tig, ist eine zentrale Anlaufstelle m\u00f6glich. Artikel 56-1 sieht vor, dass die federf\u00fchrende Beh\u00f6rde diejenige der Hauptniederlassung ist. Hat ein Subunternehmer keine Niederlassung in der EU, muss er einen Vertreter benennen, der als Ansprechpartner f\u00fcr die betroffenen Personen und die Aufsichtsbeh\u00f6rden fungiert.<\/p>\n<!-- \/wp:paragraph --><!-- wp:paragraph -->\n<p>Die Sanktionen, die einem Subunternehmer im Falle der Nichterf\u00fcllung seiner Verpflichtungen auferlegt werden, k\u00f6nnen ebenso schwerwiegend sein wie die Sanktionen, die einem f\u00fcr die Verarbeitung Verantwortlichen auferlegt werden.<\/p>\n<!-- \/wp:buttons -->\t\t\t\t\t\t<\/div>\n\t\t\t\t<\/div>\n\t\t\t\t\t<\/div>\n\t\t<\/div>\n\t\t\t\t\t<\/div>\n\t\t<\/section>\n\t\t\t\t<section class=\"elementor-section elementor-top-section elementor-element elementor-element-bc778de ot-traditional elementor-section-boxed elementor-section-height-default elementor-section-height-default\" data-id=\"bc778de\" data-element_type=\"section\">\n\t\t\t\t\t\t<div class=\"elementor-container elementor-column-gap-default\">\n\t\t\t\t\t<div class=\"elementor-column elementor-col-100 elementor-top-column elementor-element elementor-element-f5b5e26 ot-flex-column-vertical\" data-id=\"f5b5e26\" data-element_type=\"column\">\n\t\t\t<div class=\"elementor-widget-wrap elementor-element-populated\">\n\t\t\t\t\t\t<div class=\"elementor-element elementor-element-337ac6f elementor-align-center elementor-widget elementor-widget-button\" data-id=\"337ac6f\" data-element_type=\"widget\" data-widget_type=\"button.default\">\n\t\t\t\t<div class=\"elementor-widget-container\">\n\t\t\t\t\t<div class=\"elementor-button-wrapper\">\n\t\t\t<a class=\"elementor-button elementor-button-link elementor-size-lg\" href=\"https:\/\/app.viqtor.eu\/\">\n\t\t\t\t\t\t<span class=\"elementor-button-content-wrapper\">\n\t\t\t\t\t\t<span class=\"elementor-button-icon\">\n\t\t\t\t<i aria-hidden=\"true\" class=\"fas fa-long-arrow-alt-right\"><\/i>\t\t\t<\/span>\n\t\t\t\t\t\t\t\t\t<span class=\"elementor-button-text\">Entdecken Sie Viqtor\u00ae<\/span>\n\t\t\t\t\t<\/span>\n\t\t\t\t\t<\/a>\n\t\t<\/div>\n\t\t\t\t<\/div>\n\t\t\t\t<\/div>\n\t\t\t\t\t<\/div>\n\t\t<\/div>\n\t\t\t\t\t<\/div>\n\t\t<\/section>\n\t\t\t\t<\/div>","protected":false},"excerpt":{"rendered":"<p>Die gemeinsame Verantwortung von Subunternehmern Auszug aus Bruno DUMAYs Buch: GDPR DECRYPTION \u2013 F\u00fcr Manager, strategische Abteilungen und Mitarbeiter von Unternehmen und Organisationen \u2013 Vorwort von Ga\u00eblle MONTEILLER Im gesamten Text werden neben den Verantwortlichen auch Subunternehmer erw\u00e4hnt. Gem\u00e4\u00df Artikel 4-8 ist der Subunternehmer [\u2026]<\/p>","protected":false},"author":1,"featured_media":5830,"comment_status":"closed","ping_status":"open","sticky":false,"template":"elementor_header_footer","format":"standard","meta":{"_acf_changed":false,"footnotes":""},"categories":[62],"tags":[38],"class_list":["post-5823","post","type-post","status-publish","format-standard","has-post-thumbnail","hentry","category-decryptage","tag-decryptage"],"acf":[],"yoast_head":"<!-- This site is optimized with the Yoast SEO plugin v23.6 - https:\/\/yoast.com\/wordpress\/plugins\/seo\/ -->\n<title>La responsabilit\u00e9 partag\u00e9e des sous-traitants - Viqtor<\/title>\n<meta name=\"description\" content=\"La responsabilit\u00e9 partag\u00e9e des sous-traitants - Viqtor\" \/>\n<meta name=\"robots\" content=\"index, follow, max-snippet:-1, max-image-preview:large, max-video-preview:-1\" \/>\n<link rel=\"canonical\" href=\"https:\/\/viqtor.eu\/de\/la-responsabilite-partagee-des-sous-traitants\/\" \/>\n<meta property=\"og:locale\" content=\"de_DE\" \/>\n<meta property=\"og:type\" content=\"article\" \/>\n<meta property=\"og:title\" content=\"La responsabilit\u00e9 partag\u00e9e des sous-traitants - Viqtor\" \/>\n<meta property=\"og:description\" content=\"La responsabilit\u00e9 partag\u00e9e des sous-traitants - Viqtor\" \/>\n<meta property=\"og:url\" content=\"https:\/\/viqtor.eu\/de\/la-responsabilite-partagee-des-sous-traitants\/\" \/>\n<meta property=\"og:site_name\" content=\"Viqtor\" \/>\n<meta property=\"article:published_time\" content=\"2023-04-25T14:52:24+00:00\" \/>\n<meta property=\"article:modified_time\" content=\"2024-08-06T11:33:57+00:00\" \/>\n<meta property=\"og:image\" content=\"https:\/\/viqtor.eu\/wp-content\/uploads\/2026\/04\/widget-viqtor.png\" \/>\n\t<meta property=\"og:image:width\" content=\"2560\" \/>\n\t<meta property=\"og:image:height\" content=\"1440\" \/>\n\t<meta property=\"og:image:type\" content=\"image\/jpeg\" \/>\n<meta name=\"author\" content=\"Bruno\" \/>\n<meta name=\"twitter:card\" content=\"summary_large_image\" \/>\n<meta name=\"twitter:label1\" content=\"Geschrieben von\" \/>\n\t<meta name=\"twitter:data1\" content=\"Bruno\" \/>\n\t<meta name=\"twitter:label2\" content=\"Gesch\u00e4tzte Lesezeit\" \/>\n\t<meta name=\"twitter:data2\" content=\"4\u00a0Minuten\" \/>\n<script type=\"application\/ld+json\" class=\"yoast-schema-graph\">{\"@context\":\"https:\/\/schema.org\",\"@graph\":[{\"@type\":\"Article\",\"@id\":\"https:\/\/viqtor.eu\/la-responsabilite-partagee-des-sous-traitants\/#article\",\"isPartOf\":{\"@id\":\"https:\/\/viqtor.eu\/la-responsabilite-partagee-des-sous-traitants\/\"},\"author\":{\"name\":\"Bruno\",\"@id\":\"https:\/\/viqtor.eu\/#\/schema\/person\/3dbd9cc82a28f6cf1695c92eda0099ad\"},\"headline\":\"La responsabilit\u00e9 partag\u00e9e des sous-traitants\",\"datePublished\":\"2023-04-25T14:52:24+00:00\",\"dateModified\":\"2024-08-06T11:33:57+00:00\",\"mainEntityOfPage\":{\"@id\":\"https:\/\/viqtor.eu\/la-responsabilite-partagee-des-sous-traitants\/\"},\"wordCount\":809,\"publisher\":{\"@id\":\"https:\/\/viqtor.eu\/#organization\"},\"image\":{\"@id\":\"https:\/\/viqtor.eu\/la-responsabilite-partagee-des-sous-traitants\/#primaryimage\"},\"thumbnailUrl\":\"https:\/\/viqtor.eu\/wp-content\/uploads\/2023\/04\/shutterstock_1504571753-scaled.jpg\",\"keywords\":[\"D\u00e9cryptage\"],\"articleSection\":[\"D\u00e9cryptage\"],\"inLanguage\":\"de\"},{\"@type\":\"WebPage\",\"@id\":\"https:\/\/viqtor.eu\/la-responsabilite-partagee-des-sous-traitants\/\",\"url\":\"https:\/\/viqtor.eu\/la-responsabilite-partagee-des-sous-traitants\/\",\"name\":\"La responsabilit\u00e9 partag\u00e9e des sous-traitants - Viqtor\",\"isPartOf\":{\"@id\":\"https:\/\/viqtor.eu\/#website\"},\"primaryImageOfPage\":{\"@id\":\"https:\/\/viqtor.eu\/la-responsabilite-partagee-des-sous-traitants\/#primaryimage\"},\"image\":{\"@id\":\"https:\/\/viqtor.eu\/la-responsabilite-partagee-des-sous-traitants\/#primaryimage\"},\"thumbnailUrl\":\"https:\/\/viqtor.eu\/wp-content\/uploads\/2023\/04\/shutterstock_1504571753-scaled.jpg\",\"datePublished\":\"2023-04-25T14:52:24+00:00\",\"dateModified\":\"2024-08-06T11:33:57+00:00\",\"description\":\"La responsabilit\u00e9 partag\u00e9e des sous-traitants - Viqtor\",\"breadcrumb\":{\"@id\":\"https:\/\/viqtor.eu\/la-responsabilite-partagee-des-sous-traitants\/#breadcrumb\"},\"inLanguage\":\"de\",\"potentialAction\":[{\"@type\":\"ReadAction\",\"target\":[\"https:\/\/viqtor.eu\/la-responsabilite-partagee-des-sous-traitants\/\"]}]},{\"@type\":\"ImageObject\",\"inLanguage\":\"de\",\"@id\":\"https:\/\/viqtor.eu\/la-responsabilite-partagee-des-sous-traitants\/#primaryimage\",\"url\":\"https:\/\/viqtor.eu\/wp-content\/uploads\/2023\/04\/shutterstock_1504571753-scaled.jpg\",\"contentUrl\":\"https:\/\/viqtor.eu\/wp-content\/uploads\/2023\/04\/shutterstock_1504571753-scaled.jpg\",\"width\":2560,\"height\":1440},{\"@type\":\"BreadcrumbList\",\"@id\":\"https:\/\/viqtor.eu\/la-responsabilite-partagee-des-sous-traitants\/#breadcrumb\",\"itemListElement\":[{\"@type\":\"ListItem\",\"position\":1,\"name\":\"Accueil\",\"item\":\"https:\/\/viqtor.eu\/\"},{\"@type\":\"ListItem\",\"position\":2,\"name\":\"La responsabilit\u00e9 partag\u00e9e des sous-traitants\"}]},{\"@type\":\"WebSite\",\"@id\":\"https:\/\/viqtor.eu\/#website\",\"url\":\"https:\/\/viqtor.eu\/\",\"name\":\"Viqtor\",\"description\":\"Faites du RGPD une opportunit\u00e9 pour votre entreprise.\",\"publisher\":{\"@id\":\"https:\/\/viqtor.eu\/#organization\"},\"potentialAction\":[{\"@type\":\"SearchAction\",\"target\":{\"@type\":\"EntryPoint\",\"urlTemplate\":\"https:\/\/viqtor.eu\/?s={search_term_string}\"},\"query-input\":{\"@type\":\"PropertyValueSpecification\",\"valueRequired\":true,\"valueName\":\"search_term_string\"}}],\"inLanguage\":\"de\"},{\"@type\":\"Organization\",\"@id\":\"https:\/\/viqtor.eu\/#organization\",\"name\":\"viqtor.eu\",\"url\":\"https:\/\/viqtor.eu\/\",\"logo\":{\"@type\":\"ImageObject\",\"inLanguage\":\"de\",\"@id\":\"https:\/\/viqtor.eu\/#\/schema\/logo\/image\/\",\"url\":\"https:\/\/viqtor.eu\/wp-content\/uploads\/2023\/06\/favicon-noir.svg\",\"contentUrl\":\"https:\/\/viqtor.eu\/wp-content\/uploads\/2023\/06\/favicon-noir.svg\",\"width\":108,\"height\":86,\"caption\":\"viqtor.eu\"},\"image\":{\"@id\":\"https:\/\/viqtor.eu\/#\/schema\/logo\/image\/\"}},{\"@type\":\"Person\",\"@id\":\"https:\/\/viqtor.eu\/#\/schema\/person\/3dbd9cc82a28f6cf1695c92eda0099ad\",\"name\":\"Bruno\",\"image\":{\"@type\":\"ImageObject\",\"inLanguage\":\"de\",\"@id\":\"https:\/\/viqtor.eu\/#\/schema\/person\/image\/\",\"url\":\"https:\/\/secure.gravatar.com\/avatar\/e5a596f9489de15bfe046e97fb771f63589b601ca7e81ccc2bb9a23582f441a3?s=96&d=mm&r=g\",\"contentUrl\":\"https:\/\/secure.gravatar.com\/avatar\/e5a596f9489de15bfe046e97fb771f63589b601ca7e81ccc2bb9a23582f441a3?s=96&d=mm&r=g\",\"caption\":\"Bruno\"},\"sameAs\":[\"https:\/\/exciting-panini.13-37-234-21.plesk.page\"],\"url\":\"https:\/\/viqtor.eu\/de\/author\/mouad_zxum2ebi\/\"}]}<\/script>\n<!-- \/ Yoast SEO plugin. -->","yoast_head_json":{"title":"La responsabilit\u00e9 partag\u00e9e des sous-traitants - Viqtor","description":"La responsabilit\u00e9 partag\u00e9e des sous-traitants - Viqtor","robots":{"index":"index","follow":"follow","max-snippet":"max-snippet:-1","max-image-preview":"max-image-preview:large","max-video-preview":"max-video-preview:-1"},"canonical":"https:\/\/viqtor.eu\/de\/la-responsabilite-partagee-des-sous-traitants\/","og_locale":"de_DE","og_type":"article","og_title":"La responsabilit\u00e9 partag\u00e9e des sous-traitants - Viqtor","og_description":"La responsabilit\u00e9 partag\u00e9e des sous-traitants - Viqtor","og_url":"https:\/\/viqtor.eu\/de\/la-responsabilite-partagee-des-sous-traitants\/","og_site_name":"Viqtor","article_published_time":"2023-04-25T14:52:24+00:00","article_modified_time":"2024-08-06T11:33:57+00:00","og_image":[{"width":2560,"height":1440,"url":"https:\/\/viqtor.eu\/wp-content\/uploads\/2026\/04\/widget-viqtor.png","type":"image\/jpeg"}],"author":"Bruno","twitter_card":"summary_large_image","twitter_misc":{"Geschrieben von":"Bruno","Gesch\u00e4tzte Lesezeit":"4\u00a0Minuten"},"schema":{"@context":"https:\/\/schema.org","@graph":[{"@type":"Article","@id":"https:\/\/viqtor.eu\/la-responsabilite-partagee-des-sous-traitants\/#article","isPartOf":{"@id":"https:\/\/viqtor.eu\/la-responsabilite-partagee-des-sous-traitants\/"},"author":{"name":"Bruno","@id":"https:\/\/viqtor.eu\/#\/schema\/person\/3dbd9cc82a28f6cf1695c92eda0099ad"},"headline":"La responsabilit\u00e9 partag\u00e9e des sous-traitants","datePublished":"2023-04-25T14:52:24+00:00","dateModified":"2024-08-06T11:33:57+00:00","mainEntityOfPage":{"@id":"https:\/\/viqtor.eu\/la-responsabilite-partagee-des-sous-traitants\/"},"wordCount":809,"publisher":{"@id":"https:\/\/viqtor.eu\/#organization"},"image":{"@id":"https:\/\/viqtor.eu\/la-responsabilite-partagee-des-sous-traitants\/#primaryimage"},"thumbnailUrl":"https:\/\/viqtor.eu\/wp-content\/uploads\/2023\/04\/shutterstock_1504571753-scaled.jpg","keywords":["D\u00e9cryptage"],"articleSection":["D\u00e9cryptage"],"inLanguage":"de"},{"@type":"WebPage","@id":"https:\/\/viqtor.eu\/la-responsabilite-partagee-des-sous-traitants\/","url":"https:\/\/viqtor.eu\/la-responsabilite-partagee-des-sous-traitants\/","name":"La responsabilit\u00e9 partag\u00e9e des sous-traitants - Viqtor","isPartOf":{"@id":"https:\/\/viqtor.eu\/#website"},"primaryImageOfPage":{"@id":"https:\/\/viqtor.eu\/la-responsabilite-partagee-des-sous-traitants\/#primaryimage"},"image":{"@id":"https:\/\/viqtor.eu\/la-responsabilite-partagee-des-sous-traitants\/#primaryimage"},"thumbnailUrl":"https:\/\/viqtor.eu\/wp-content\/uploads\/2023\/04\/shutterstock_1504571753-scaled.jpg","datePublished":"2023-04-25T14:52:24+00:00","dateModified":"2024-08-06T11:33:57+00:00","description":"La responsabilit\u00e9 partag\u00e9e des sous-traitants - Viqtor","breadcrumb":{"@id":"https:\/\/viqtor.eu\/la-responsabilite-partagee-des-sous-traitants\/#breadcrumb"},"inLanguage":"de","potentialAction":[{"@type":"ReadAction","target":["https:\/\/viqtor.eu\/la-responsabilite-partagee-des-sous-traitants\/"]}]},{"@type":"ImageObject","inLanguage":"de","@id":"https:\/\/viqtor.eu\/la-responsabilite-partagee-des-sous-traitants\/#primaryimage","url":"https:\/\/viqtor.eu\/wp-content\/uploads\/2023\/04\/shutterstock_1504571753-scaled.jpg","contentUrl":"https:\/\/viqtor.eu\/wp-content\/uploads\/2023\/04\/shutterstock_1504571753-scaled.jpg","width":2560,"height":1440},{"@type":"BreadcrumbList","@id":"https:\/\/viqtor.eu\/la-responsabilite-partagee-des-sous-traitants\/#breadcrumb","itemListElement":[{"@type":"ListItem","position":1,"name":"Accueil","item":"https:\/\/viqtor.eu\/"},{"@type":"ListItem","position":2,"name":"La responsabilit\u00e9 partag\u00e9e des sous-traitants"}]},{"@type":"WebSite","@id":"https:\/\/viqtor.eu\/#website","url":"https:\/\/viqtor.eu\/","name":"Viqtor","description":"Faites du RGPD une opportunit\u00e9 pour votre entreprise.","publisher":{"@id":"https:\/\/viqtor.eu\/#organization"},"potentialAction":[{"@type":"SearchAction","target":{"@type":"EntryPoint","urlTemplate":"https:\/\/viqtor.eu\/?s={search_term_string}"},"query-input":{"@type":"PropertyValueSpecification","valueRequired":true,"valueName":"search_term_string"}}],"inLanguage":"de"},{"@type":"Organization","@id":"https:\/\/viqtor.eu\/#organization","name":"viqtor.eu","url":"https:\/\/viqtor.eu\/","logo":{"@type":"ImageObject","inLanguage":"de","@id":"https:\/\/viqtor.eu\/#\/schema\/logo\/image\/","url":"https:\/\/viqtor.eu\/wp-content\/uploads\/2023\/06\/favicon-noir.svg","contentUrl":"https:\/\/viqtor.eu\/wp-content\/uploads\/2023\/06\/favicon-noir.svg","width":108,"height":86,"caption":"viqtor.eu"},"image":{"@id":"https:\/\/viqtor.eu\/#\/schema\/logo\/image\/"}},{"@type":"Person","@id":"https:\/\/viqtor.eu\/#\/schema\/person\/3dbd9cc82a28f6cf1695c92eda0099ad","name":"Bruno","image":{"@type":"ImageObject","inLanguage":"de","@id":"https:\/\/viqtor.eu\/#\/schema\/person\/image\/","url":"https:\/\/secure.gravatar.com\/avatar\/e5a596f9489de15bfe046e97fb771f63589b601ca7e81ccc2bb9a23582f441a3?s=96&d=mm&r=g","contentUrl":"https:\/\/secure.gravatar.com\/avatar\/e5a596f9489de15bfe046e97fb771f63589b601ca7e81ccc2bb9a23582f441a3?s=96&d=mm&r=g","caption":"Bruno"},"sameAs":["https:\/\/exciting-panini.13-37-234-21.plesk.page"],"url":"https:\/\/viqtor.eu\/de\/author\/mouad_zxum2ebi\/"}]}},"_links":{"self":[{"href":"https:\/\/viqtor.eu\/de\/wp-json\/wp\/v2\/posts\/5823","targetHints":{"allow":["GET"]}}],"collection":[{"href":"https:\/\/viqtor.eu\/de\/wp-json\/wp\/v2\/posts"}],"about":[{"href":"https:\/\/viqtor.eu\/de\/wp-json\/wp\/v2\/types\/post"}],"author":[{"embeddable":true,"href":"https:\/\/viqtor.eu\/de\/wp-json\/wp\/v2\/users\/1"}],"replies":[{"embeddable":true,"href":"https:\/\/viqtor.eu\/de\/wp-json\/wp\/v2\/comments?post=5823"}],"version-history":[{"count":13,"href":"https:\/\/viqtor.eu\/de\/wp-json\/wp\/v2\/posts\/5823\/revisions"}],"predecessor-version":[{"id":12176,"href":"https:\/\/viqtor.eu\/de\/wp-json\/wp\/v2\/posts\/5823\/revisions\/12176"}],"wp:featuredmedia":[{"embeddable":true,"href":"https:\/\/viqtor.eu\/de\/wp-json\/wp\/v2\/media\/5830"}],"wp:attachment":[{"href":"https:\/\/viqtor.eu\/de\/wp-json\/wp\/v2\/media?parent=5823"}],"wp:term":[{"taxonomy":"category","embeddable":true,"href":"https:\/\/viqtor.eu\/de\/wp-json\/wp\/v2\/categories?post=5823"},{"taxonomy":"post_tag","embeddable":true,"href":"https:\/\/viqtor.eu\/de\/wp-json\/wp\/v2\/tags?post=5823"}],"curies":[{"name":"wp","href":"https:\/\/api.w.org\/{rel}","templated":true}]}}