{"id":5811,"date":"2023-04-25T14:32:17","date_gmt":"2023-04-25T14:32:17","guid":{"rendered":"https:\/\/exciting-panini.13-37-234-21.plesk.page\/?p=5811"},"modified":"2024-08-06T11:06:32","modified_gmt":"2024-08-06T11:06:32","slug":"on-est-parfois-plus-responsable-quon-ne-le-pense-ou-quon-ne-le-souhaite","status":"publish","type":"post","link":"https:\/\/viqtor.eu\/de\/on-est-parfois-plus-responsable-quon-ne-le-pense-ou-quon-ne-le-souhaite\/","title":{"rendered":"Manchmal tragen wir mehr Verantwortung, als wir denken ... oder als wir wollen."},"content":{"rendered":"<div data-elementor-type=\"wp-post\" data-elementor-id=\"5811\" class=\"elementor elementor-5811\" data-elementor-post-type=\"post\">\n\t\t\t\t\t\t<section class=\"elementor-section elementor-top-section elementor-element elementor-element-a8ddb20 ot-traditional elementor-section-boxed elementor-section-height-default elementor-section-height-default\" data-id=\"a8ddb20\" data-element_type=\"section\">\n\t\t\t\t\t\t<div class=\"elementor-container elementor-column-gap-default\">\n\t\t\t\t\t<div class=\"elementor-column elementor-col-100 elementor-top-column elementor-element elementor-element-8d4afb6 ot-flex-column-vertical\" data-id=\"8d4afb6\" data-element_type=\"column\">\n\t\t\t<div class=\"elementor-widget-wrap elementor-element-populated\">\n\t\t\t\t\t\t<div class=\"elementor-element elementor-element-9795236 elementor-widget elementor-widget-image\" data-id=\"9795236\" data-element_type=\"widget\" data-widget_type=\"image.default\">\n\t\t\t\t<div class=\"elementor-widget-container\">\n\t\t\t\t\t\t\t\t\t\t\t\t\t<img fetchpriority=\"high\" decoding=\"async\" width=\"1000\" height=\"645\" src=\"https:\/\/viqtor.eu\/wp-content\/uploads\/2023\/04\/On-est-parfois-plus-responsable-quon-ne-le-pense\u2026-ou-quon-ne-le-souhaite.jpg\" class=\"attachment-full size-full wp-image-12152\" alt=\"On est parfois plus responsable qu\u2019on ne le pense\u2026 ou qu\u2019on ne le souhaite\" srcset=\"https:\/\/viqtor.eu\/wp-content\/uploads\/2023\/04\/On-est-parfois-plus-responsable-quon-ne-le-pense\u2026-ou-quon-ne-le-souhaite.jpg 1000w, https:\/\/viqtor.eu\/wp-content\/uploads\/2023\/04\/On-est-parfois-plus-responsable-quon-ne-le-pense\u2026-ou-quon-ne-le-souhaite-300x194.jpg 300w, https:\/\/viqtor.eu\/wp-content\/uploads\/2023\/04\/On-est-parfois-plus-responsable-quon-ne-le-pense\u2026-ou-quon-ne-le-souhaite-768x495.jpg 768w, https:\/\/viqtor.eu\/wp-content\/uploads\/2023\/04\/On-est-parfois-plus-responsable-quon-ne-le-pense\u2026-ou-quon-ne-le-souhaite-720x464.jpg 720w\" sizes=\"(max-width: 1000px) 100vw, 1000px\" \/>\t\t\t\t\t\t\t\t\t\t\t\t\t<\/div>\n\t\t\t\t<\/div>\n\t\t\t\t\t<\/div>\n\t\t<\/div>\n\t\t\t\t\t<\/div>\n\t\t<\/section>\n\t\t\t\t<section class=\"elementor-section elementor-top-section elementor-element elementor-element-af19dd4 ot-traditional elementor-section-boxed elementor-section-height-default elementor-section-height-default\" data-id=\"af19dd4\" data-element_type=\"section\">\n\t\t\t\t\t\t<div class=\"elementor-container elementor-column-gap-default\">\n\t\t\t\t\t<div class=\"elementor-column elementor-col-100 elementor-top-column elementor-element elementor-element-a8fab76 ot-flex-column-vertical\" data-id=\"a8fab76\" data-element_type=\"column\">\n\t\t\t<div class=\"elementor-widget-wrap elementor-element-populated\">\n\t\t\t\t\t\t<div class=\"elementor-element elementor-element-98100d6 elementor-widget elementor-widget-heading\" data-id=\"98100d6\" data-element_type=\"widget\" data-widget_type=\"heading.default\">\n\t\t\t\t<div class=\"elementor-widget-container\">\n\t\t\t<h1 class=\"elementor-heading-title elementor-size-default\">Manchmal tragen wir mehr Verantwortung, als wir denken ... oder als wir wollen.<\/h1>\t\t<\/div>\n\t\t\t\t<\/div>\n\t\t\t\t\t<\/div>\n\t\t<\/div>\n\t\t\t\t\t<\/div>\n\t\t<\/section>\n\t\t\t\t<section class=\"elementor-section elementor-top-section elementor-element elementor-element-15c87ec3 ot-traditional elementor-section-boxed elementor-section-height-default elementor-section-height-default\" data-id=\"15c87ec3\" data-element_type=\"section\">\n\t\t\t\t\t\t<div class=\"elementor-container elementor-column-gap-default\">\n\t\t\t\t\t<div class=\"elementor-column elementor-col-100 elementor-top-column elementor-element elementor-element-29a30b2 ot-flex-column-vertical\" data-id=\"29a30b2\" data-element_type=\"column\">\n\t\t\t<div class=\"elementor-widget-wrap elementor-element-populated\">\n\t\t\t\t\t\t<div class=\"elementor-element elementor-element-415d2eeb elementor-widget elementor-widget-text-editor\" data-id=\"415d2eeb\" data-element_type=\"widget\" data-widget_type=\"text-editor.default\">\n\t\t\t\t<div class=\"elementor-widget-container\">\n\t\t\t\t\t\t\t<!-- wp:paragraph -->\n<p><strong>Legal Watch \u2013 September 2019.<br><\/strong><\/p>\n<!-- \/wp:paragraph -->\n\n<!-- wp:paragraph -->\n<p><em>Dies ist der Fall, wenn Sie ein einfaches Plug-In auf Ihrer Website installieren, auch wenn Sie keinen Zugriff auf die auf diese Weise gesammelten Daten haben.<\/em> <\/p>\n<!-- \/wp:paragraph -->\n\n<!-- wp:paragraph -->\n<p>Ein aktuelles Urteil des Gerichtshofs der Europ\u00e4ischen Union, bekannt als \u201eFashion ID\u201c, best\u00e4tigt diese Beobachtung, indem es die Verantwortung von Website-Managern klarstellt, die auf ihrer Seite ein Facebook-\u201eGef\u00e4llt mir\u201c-Symbol einf\u00fcgen.<\/p>\n<!-- \/wp:paragraph -->\n\n<!-- wp:paragraph -->\n<p><em>Das Einf\u00fcgen dieses einfachen Plug-Ins kann daher zur Folge haben, dass der Site-Manager gemeinsam mit dem sozialen Netzwerk, das diese Daten sammelt, f\u00fcr die Verarbeitung verantwortlich ist.<\/em><\/p>\n<!-- \/wp:paragraph -->\n\n<!-- wp:paragraph -->\n<p>Technisch gesehen erm\u00f6glicht das einfache Einf\u00fcgen eines Plug-ins auf einer Webseite die automatische \u00dcbermittlung der Verbindungsdaten der Besucher dieser Seite an das jeweilige soziale Netzwerk, unabh\u00e4ngig davon, ob die Besucher auf das Plug-in-Symbol klicken oder nicht. Im vorliegenden Fall wurden die Daten der Besucher der Website von Fashion ID, einem deutschen Online-Modeh\u00e4ndler, somit systematisch an Facebook \u00fcbermittelt. Dies geschieht heute tats\u00e4chlich bei vielen Websites, seien es Online-Verkaufsseiten, Nachrichtenseiten oder Blogs. Und die Argumentation, die sich in diesem Fall gegen Facebook richtet, l\u00e4sst sich auf jedes soziale Netzwerk oder jede andere Einrichtung \u00fcbertragen, die dieselbe Technologie nutzt.<\/p>\n<!-- \/wp:paragraph -->\n\n<!-- wp:paragraph -->\n<p>Der Gerichtshof stellte klar, dass die Tatsache, dass der Websitebetreiber keinen Zugriff auf die \u00fcbermittelten Daten hat, seine Haftung nicht mindert. Entscheidend bleibt vielmehr, dass er gemeinsam mit Facebook die Zwecke und Mittel der Verarbeitung bestimmt. Der Gerichtshof leitet die m\u00f6gliche gemeinsame Haftung der Website und Facebooks aus den gegenseitigen wirtschaftlichen Vorteilen ab, die sie aus dieser Zusammenarbeit ziehen: f\u00fcr Facebook die Erweiterung seiner Datenbank und f\u00fcr den Websitebetreiber eine Optimierung der Werbung f\u00fcr seine Produkte im sozialen Netzwerk Facebook, sobald ein Besucher auf das \u201eGef\u00e4llt mir\u201c-Symbol klickt.<\/p>\n<!-- \/wp:paragraph -->\n\n<!-- wp:paragraph -->\n<p>Das Gericht stellt klar, dass die rechtlichen Verantwortlichkeiten und Pflichten je nach den verschiedenen Aspekten der Datenverarbeitung unterschiedlich sind: In diesem Fall kann Fashion ID nicht f\u00fcr die sp\u00e4tere Verarbeitung der Daten durch Facebook verantwortlich gemacht werden. Facebook muss f\u00fcr diese Verarbeitung zudem eine konkrete Rechtsgrundlage angeben. Der Websitebetreiber ist jedoch verpflichtet, seine Besucher gesondert \u00fcber die Erhebung und \u00dcbermittlung dieser Daten an das soziale Netzwerk zu informieren und deren Einwilligung einzuholen.<\/p>\n<!-- \/wp:paragraph -->\n\n<!-- wp:paragraph -->\n<p><em>Aus diesem wichtigen Urteil lassen sich mehrere Lehren ziehen. Es ist daher ratsam:<\/em><\/p>\n<!-- \/wp:paragraph -->\n\n<!-- wp:list -->\n<ul><!-- wp:list-item -->\n<li>\u00dcberpr\u00fcfen Sie systematisch die Nutzungsbedingungen von Plug-ins auf Ihrer Website und die m\u00f6glichen Bedingungen der Daten\u00fcbermittlung an Dritte.<\/li>\n<!-- \/wp:list-item -->\n\n<!-- wp:list-item -->\n<li>\u00dcberpr\u00fcfen Sie die Haftungsklauseln in Vertr\u00e4gen mit diesen Dritten;<\/li>\n<!-- \/wp:list-item -->\n\n<!-- wp:list-item -->\n<li>Informieren Sie Besucher gezielt \u00fcber diese Erhebung und holen Sie deren gesonderte Einwilligung ein.<\/li>\n<!-- \/wp:list-item --><\/ul>\n<!-- \/wp:list -->\n\n<!-- wp:paragraph -->\n<p>Diese Vorsichtsma\u00dfnahmen sind umso relevanter, als die CNIL vor Kurzem die strengen Bedingungen f\u00fcr die Einholung der Einwilligung in Bezug auf Online-Werbe-Targeting klargestellt und angek\u00fcndigt hat, dass sie ihre \u00dcberwachungst\u00e4tigkeiten im Jahr 2019 auf Fragen der Verteilung der Verantwortlichkeiten zwischen den verschiedenen Parteien, die personenbezogene Daten verarbeiten, konzentrieren werde.&nbsp;<\/p>\n<!-- \/wp:paragraph -->\n\n<!-- wp:paragraph -->\n<p>Diese Fragen werden auch auf europ\u00e4ischer Ebene behandelt. Der Europ\u00e4ische Datenschutzausschuss (EDSA), in dem die Datenschutzbeh\u00f6rden der Europ\u00e4ischen Union (CNIL) zusammengeschlossen sind, hat Gespr\u00e4che mit verschiedenen Branchenorganisationen eingeleitet, um die Stellungnahme der Aufsichtsbeh\u00f6rden zur Identifizierung und Rolle von Verantwortlichen, gemeinsam Verantwortlichen und Auftragsverarbeitern zu aktualisieren.<\/p>\n<!-- \/wp:paragraph -->\n\n<!-- wp:paragraph -->\n<p><strong>Und au\u00dferdem:<\/strong><\/p>\n<!-- \/wp:paragraph -->\n\n<!-- wp:paragraph -->\n<p><span style=\"text-decoration: underline;\">\u2022 in Europa:<\/span><\/p>\n<!-- \/wp:paragraph -->\n\n<!-- wp:paragraph -->\n<p><strong>Brexit:<\/strong><\/p>\n<!-- \/wp:paragraph -->\n\n<!-- wp:paragraph -->\n<p>Welche Bedingungen gelten f\u00fcr Daten\u00fcbermittlungen nach Gro\u00dfbritannien, sollte das Land die Europ\u00e4ische Union ohne Abkommen verlassen? Der EDSA ver\u00f6ffentlichte Anfang 2019 eine Mitteilung, in der die Bedingungen und die verschiedenen anwendbaren Rechtsgrundlagen detailliert beschrieben werden. Die britische Datenschutzbeh\u00f6rde beantwortet zudem zahlreiche Fragen auf ihrer offiziellen Website.<\/p>\n<!-- \/wp:paragraph -->\n\n<!-- wp:paragraph -->\n<p><strong>Biometrie:<\/strong><\/p>\n<!-- \/wp:paragraph -->\n\n<!-- wp:paragraph -->\n<p>Die schwedische Datenschutzbeh\u00f6rde verh\u00e4ngte am 21. August ihre erste Sanktion im Rahmen der DSGVO. Gegen eine Schule wurde eine Geldstrafe von 20.000 Euro verh\u00e4ngt, weil sie ein Gesichtserkennungssystem f\u00fcr Sch\u00fcler eingef\u00fchrt hatte, das gegen mehrere Grunds\u00e4tze der DSGVO verstie\u00df: ung\u00fcltige Einwilligung, sensible biometrische Daten, fehlende vorherige Folgenabsch\u00e4tzung und unterlassene Konsultation der Datenschutzbeh\u00f6rde.<\/p>\n<!-- \/wp:paragraph -->\n\n<!-- wp:paragraph -->\n<p><strong>Cloud und Datenschutz:<\/strong><\/p>\n<!-- \/wp:paragraph -->\n\n<!-- wp:paragraph -->\n<p>Die Aussicht auf eine europ\u00e4ische Cloud mit harmonisierten Regeln r\u00fcckt n\u00e4her. Am 29. August fand in Den Haag das erste Treffen von Akteuren des \u00f6ffentlichen und privaten Sektors auf europ\u00e4ischer und internationaler Ebene statt.<\/p>\n<!-- \/wp:paragraph -->\n\n<!-- wp:paragraph -->\n<p>\u2022 in der Welt:<\/p>\n<!-- \/wp:paragraph -->\n\n<!-- wp:paragraph -->\n<p><strong>Elektronische Beweismittel:<\/strong><\/p>\n<!-- \/wp:paragraph -->\n\n<!-- wp:paragraph -->\n<p>Die Bedingungen f\u00fcr den Zugriff von Justizbeh\u00f6rden auf elektronische Beweismittel (\u201eE-Evidence\u201c) von Unternehmen sind Gegenstand von Entwicklungen in Europa und international. Ziel ist es, diese Regeln in Europa zu harmonisieren, aber auch, im Rahmen der Kriminalit\u00e4tsbek\u00e4mpfung eine Einigung mit den USA \u00fcber die Bedingungen f\u00fcr den Datenzugriff zu erzielen. Im Rahmen des amerikanischen \u201eCloud Act\u201c haben die USA seit M\u00e4rz 2018 Zugriff auf die Daten amerikanischer Unternehmen mit Sitz in Europa. Ziel ist es, diese Zugriffsbedingungen auf beiden Seiten des Atlantiks unter Einhaltung der Datenschutzvorschriften zu vereinbaren.<\/p>\n<!-- \/wp:paragraph -->\n\n<!-- wp:paragraph -->\n<p><strong>ISO-Norm:<\/strong><\/p>\n<!-- \/wp:paragraph -->\n\n<!-- wp:paragraph -->\n<p>Anfang August wurde der neue Standard ISO\/IEC\/27701 ver\u00f6ffentlicht. Er erweitert ISO\/IEC 27001 und ISO\/IEC 27002 um das Datenschutzmanagement und ber\u00fccksichtigt zudem die Anforderungen der DSGVO.<\/p>\n<!-- \/wp:paragraph -->\n\n<!-- wp:paragraph {\"fontSize\":\"small\"} -->\n<p class=\"has-small-font-size\"><em>1 Das Urteil bezieht sich auf die Richtlinie 95\/46\/EG, die inzwischen durch die Verordnung (EU) 2016\/679 (DSGVO) aufgehoben wurde. Die Bestimmungen zur (Mit-)Verantwortung sind in der neuen Verordnung jedoch unver\u00e4ndert geblieben.<\/em><\/p>\n<!-- \/wp:paragraph -->\t\t\t\t\t\t<\/div>\n\t\t\t\t<\/div>\n\t\t\t\t\t<\/div>\n\t\t<\/div>\n\t\t\t\t\t<\/div>\n\t\t<\/section>\n\t\t\t\t<section class=\"elementor-section elementor-top-section elementor-element elementor-element-ca0d124 ot-traditional elementor-section-boxed elementor-section-height-default elementor-section-height-default\" data-id=\"ca0d124\" data-element_type=\"section\">\n\t\t\t\t\t\t<div class=\"elementor-container elementor-column-gap-default\">\n\t\t\t\t\t<div class=\"elementor-column elementor-col-100 elementor-top-column elementor-element elementor-element-cfc69c6 ot-flex-column-vertical\" data-id=\"cfc69c6\" data-element_type=\"column\">\n\t\t\t<div class=\"elementor-widget-wrap elementor-element-populated\">\n\t\t\t\t\t\t<div class=\"elementor-element elementor-element-34095e6 elementor-align-center elementor-widget elementor-widget-button\" data-id=\"34095e6\" data-element_type=\"widget\" data-widget_type=\"button.default\">\n\t\t\t\t<div class=\"elementor-widget-container\">\n\t\t\t\t\t<div class=\"elementor-button-wrapper\">\n\t\t\t<a class=\"elementor-button elementor-button-link elementor-size-lg\" href=\"https:\/\/app.viqtor.eu\/\">\n\t\t\t\t\t\t<span class=\"elementor-button-content-wrapper\">\n\t\t\t\t\t\t<span class=\"elementor-button-icon\">\n\t\t\t\t<i aria-hidden=\"true\" class=\"fas fa-long-arrow-alt-right\"><\/i>\t\t\t<\/span>\n\t\t\t\t\t\t\t\t\t<span class=\"elementor-button-text\">Entdecken Sie Viqtor\u00ae<\/span>\n\t\t\t\t\t<\/span>\n\t\t\t\t\t<\/a>\n\t\t<\/div>\n\t\t\t\t<\/div>\n\t\t\t\t<\/div>\n\t\t\t\t\t<\/div>\n\t\t<\/div>\n\t\t\t\t\t<\/div>\n\t\t<\/section>\n\t\t\t\t<\/div>","protected":false},"excerpt":{"rendered":"<p>Manchmal sind wir verantwortungsbewusster, als wir denken \u2026 oder wollen. Legal Watch \u2013 September 2019. Dies ist der Fall, wenn wir ein einfaches Plug-in auf unserer Website installieren, auch wenn wir keinen Zugriff auf die dadurch gesammelten Daten haben. Ein aktuelles Urteil des Gerichtshofs von [\u2026]<\/p>","protected":false},"author":1,"featured_media":5835,"comment_status":"closed","ping_status":"open","sticky":false,"template":"elementor_header_footer","format":"standard","meta":{"_acf_changed":false,"footnotes":""},"categories":[35],"tags":[],"class_list":["post-5811","post","type-post","status-publish","format-standard","has-post-thumbnail","hentry","category-veille-juridique"],"acf":[],"yoast_head":"<!-- This site is optimized with the Yoast SEO plugin v23.6 - https:\/\/yoast.com\/wordpress\/plugins\/seo\/ -->\n<title>On est parfois plus responsable qu\u2019on ne le pense\u2026 ou qu\u2019on ne le souhaite - Viqtor<\/title>\n<meta name=\"description\" content=\"On est parfois plus responsable qu\u2019on ne le pense\u2026 ou qu\u2019on ne le souhaite - Viqtor\" \/>\n<meta name=\"robots\" content=\"index, follow, max-snippet:-1, max-image-preview:large, max-video-preview:-1\" \/>\n<link rel=\"canonical\" href=\"https:\/\/viqtor.eu\/de\/on-est-parfois-plus-responsable-quon-ne-le-pense-ou-quon-ne-le-souhaite\/\" \/>\n<meta property=\"og:locale\" content=\"de_DE\" \/>\n<meta property=\"og:type\" content=\"article\" \/>\n<meta property=\"og:title\" content=\"On est parfois plus responsable qu\u2019on ne le pense\u2026 ou qu\u2019on ne le souhaite - Viqtor\" \/>\n<meta property=\"og:description\" content=\"On est parfois plus responsable qu\u2019on ne le pense\u2026 ou qu\u2019on ne le souhaite - Viqtor\" \/>\n<meta property=\"og:url\" content=\"https:\/\/viqtor.eu\/de\/on-est-parfois-plus-responsable-quon-ne-le-pense-ou-quon-ne-le-souhaite\/\" \/>\n<meta property=\"og:site_name\" content=\"Viqtor\" \/>\n<meta property=\"article:published_time\" content=\"2023-04-25T14:32:17+00:00\" \/>\n<meta property=\"article:modified_time\" content=\"2024-08-06T11:06:32+00:00\" \/>\n<meta property=\"og:image\" content=\"https:\/\/viqtor.eu\/wp-content\/uploads\/2026\/04\/widget-viqtor.png\" \/>\n\t<meta property=\"og:image:width\" content=\"1000\" \/>\n\t<meta property=\"og:image:height\" content=\"645\" \/>\n\t<meta property=\"og:image:type\" content=\"image\/jpeg\" \/>\n<meta name=\"author\" content=\"Bruno\" \/>\n<meta name=\"twitter:card\" content=\"summary_large_image\" \/>\n<meta name=\"twitter:label1\" content=\"Geschrieben von\" \/>\n\t<meta name=\"twitter:data1\" content=\"Bruno\" \/>\n\t<meta name=\"twitter:label2\" content=\"Gesch\u00e4tzte Lesezeit\" \/>\n\t<meta name=\"twitter:data2\" content=\"5\u00a0Minuten\" \/>\n<script type=\"application\/ld+json\" class=\"yoast-schema-graph\">{\"@context\":\"https:\/\/schema.org\",\"@graph\":[{\"@type\":\"Article\",\"@id\":\"https:\/\/viqtor.eu\/on-est-parfois-plus-responsable-quon-ne-le-pense-ou-quon-ne-le-souhaite\/#article\",\"isPartOf\":{\"@id\":\"https:\/\/viqtor.eu\/on-est-parfois-plus-responsable-quon-ne-le-pense-ou-quon-ne-le-souhaite\/\"},\"author\":{\"name\":\"Bruno\",\"@id\":\"https:\/\/viqtor.eu\/#\/schema\/person\/3dbd9cc82a28f6cf1695c92eda0099ad\"},\"headline\":\"On est parfois plus responsable qu\u2019on ne le pense\u2026 ou qu\u2019on ne le souhaite\",\"datePublished\":\"2023-04-25T14:32:17+00:00\",\"dateModified\":\"2024-08-06T11:06:32+00:00\",\"mainEntityOfPage\":{\"@id\":\"https:\/\/viqtor.eu\/on-est-parfois-plus-responsable-quon-ne-le-pense-ou-quon-ne-le-souhaite\/\"},\"wordCount\":1124,\"publisher\":{\"@id\":\"https:\/\/viqtor.eu\/#organization\"},\"image\":{\"@id\":\"https:\/\/viqtor.eu\/on-est-parfois-plus-responsable-quon-ne-le-pense-ou-quon-ne-le-souhaite\/#primaryimage\"},\"thumbnailUrl\":\"https:\/\/viqtor.eu\/wp-content\/uploads\/2023\/04\/shutterstock_1318808819.jpg\",\"articleSection\":[\"Veille juridique\"],\"inLanguage\":\"de\"},{\"@type\":\"WebPage\",\"@id\":\"https:\/\/viqtor.eu\/on-est-parfois-plus-responsable-quon-ne-le-pense-ou-quon-ne-le-souhaite\/\",\"url\":\"https:\/\/viqtor.eu\/on-est-parfois-plus-responsable-quon-ne-le-pense-ou-quon-ne-le-souhaite\/\",\"name\":\"On est parfois plus responsable qu\u2019on ne le pense\u2026 ou qu\u2019on ne le souhaite - Viqtor\",\"isPartOf\":{\"@id\":\"https:\/\/viqtor.eu\/#website\"},\"primaryImageOfPage\":{\"@id\":\"https:\/\/viqtor.eu\/on-est-parfois-plus-responsable-quon-ne-le-pense-ou-quon-ne-le-souhaite\/#primaryimage\"},\"image\":{\"@id\":\"https:\/\/viqtor.eu\/on-est-parfois-plus-responsable-quon-ne-le-pense-ou-quon-ne-le-souhaite\/#primaryimage\"},\"thumbnailUrl\":\"https:\/\/viqtor.eu\/wp-content\/uploads\/2023\/04\/shutterstock_1318808819.jpg\",\"datePublished\":\"2023-04-25T14:32:17+00:00\",\"dateModified\":\"2024-08-06T11:06:32+00:00\",\"description\":\"On est parfois plus responsable qu\u2019on ne le pense\u2026 ou qu\u2019on ne le souhaite - Viqtor\",\"breadcrumb\":{\"@id\":\"https:\/\/viqtor.eu\/on-est-parfois-plus-responsable-quon-ne-le-pense-ou-quon-ne-le-souhaite\/#breadcrumb\"},\"inLanguage\":\"de\",\"potentialAction\":[{\"@type\":\"ReadAction\",\"target\":[\"https:\/\/viqtor.eu\/on-est-parfois-plus-responsable-quon-ne-le-pense-ou-quon-ne-le-souhaite\/\"]}]},{\"@type\":\"ImageObject\",\"inLanguage\":\"de\",\"@id\":\"https:\/\/viqtor.eu\/on-est-parfois-plus-responsable-quon-ne-le-pense-ou-quon-ne-le-souhaite\/#primaryimage\",\"url\":\"https:\/\/viqtor.eu\/wp-content\/uploads\/2023\/04\/shutterstock_1318808819.jpg\",\"contentUrl\":\"https:\/\/viqtor.eu\/wp-content\/uploads\/2023\/04\/shutterstock_1318808819.jpg\",\"width\":1000,\"height\":645},{\"@type\":\"BreadcrumbList\",\"@id\":\"https:\/\/viqtor.eu\/on-est-parfois-plus-responsable-quon-ne-le-pense-ou-quon-ne-le-souhaite\/#breadcrumb\",\"itemListElement\":[{\"@type\":\"ListItem\",\"position\":1,\"name\":\"Accueil\",\"item\":\"https:\/\/viqtor.eu\/\"},{\"@type\":\"ListItem\",\"position\":2,\"name\":\"On est parfois plus responsable qu\u2019on ne le pense\u2026 ou qu\u2019on ne le souhaite\"}]},{\"@type\":\"WebSite\",\"@id\":\"https:\/\/viqtor.eu\/#website\",\"url\":\"https:\/\/viqtor.eu\/\",\"name\":\"Viqtor\",\"description\":\"Faites du RGPD une opportunit\u00e9 pour votre entreprise.\",\"publisher\":{\"@id\":\"https:\/\/viqtor.eu\/#organization\"},\"potentialAction\":[{\"@type\":\"SearchAction\",\"target\":{\"@type\":\"EntryPoint\",\"urlTemplate\":\"https:\/\/viqtor.eu\/?s={search_term_string}\"},\"query-input\":{\"@type\":\"PropertyValueSpecification\",\"valueRequired\":true,\"valueName\":\"search_term_string\"}}],\"inLanguage\":\"de\"},{\"@type\":\"Organization\",\"@id\":\"https:\/\/viqtor.eu\/#organization\",\"name\":\"viqtor.eu\",\"url\":\"https:\/\/viqtor.eu\/\",\"logo\":{\"@type\":\"ImageObject\",\"inLanguage\":\"de\",\"@id\":\"https:\/\/viqtor.eu\/#\/schema\/logo\/image\/\",\"url\":\"https:\/\/viqtor.eu\/wp-content\/uploads\/2023\/06\/favicon-noir.svg\",\"contentUrl\":\"https:\/\/viqtor.eu\/wp-content\/uploads\/2023\/06\/favicon-noir.svg\",\"width\":108,\"height\":86,\"caption\":\"viqtor.eu\"},\"image\":{\"@id\":\"https:\/\/viqtor.eu\/#\/schema\/logo\/image\/\"}},{\"@type\":\"Person\",\"@id\":\"https:\/\/viqtor.eu\/#\/schema\/person\/3dbd9cc82a28f6cf1695c92eda0099ad\",\"name\":\"Bruno\",\"image\":{\"@type\":\"ImageObject\",\"inLanguage\":\"de\",\"@id\":\"https:\/\/viqtor.eu\/#\/schema\/person\/image\/\",\"url\":\"https:\/\/secure.gravatar.com\/avatar\/e5a596f9489de15bfe046e97fb771f63589b601ca7e81ccc2bb9a23582f441a3?s=96&d=mm&r=g\",\"contentUrl\":\"https:\/\/secure.gravatar.com\/avatar\/e5a596f9489de15bfe046e97fb771f63589b601ca7e81ccc2bb9a23582f441a3?s=96&d=mm&r=g\",\"caption\":\"Bruno\"},\"sameAs\":[\"https:\/\/exciting-panini.13-37-234-21.plesk.page\"],\"url\":\"https:\/\/viqtor.eu\/de\/author\/mouad_zxum2ebi\/\"}]}<\/script>\n<!-- \/ Yoast SEO plugin. -->","yoast_head_json":{"title":"On est parfois plus responsable qu\u2019on ne le pense\u2026 ou qu\u2019on ne le souhaite - Viqtor","description":"On est parfois plus responsable qu\u2019on ne le pense\u2026 ou qu\u2019on ne le souhaite - Viqtor","robots":{"index":"index","follow":"follow","max-snippet":"max-snippet:-1","max-image-preview":"max-image-preview:large","max-video-preview":"max-video-preview:-1"},"canonical":"https:\/\/viqtor.eu\/de\/on-est-parfois-plus-responsable-quon-ne-le-pense-ou-quon-ne-le-souhaite\/","og_locale":"de_DE","og_type":"article","og_title":"On est parfois plus responsable qu\u2019on ne le pense\u2026 ou qu\u2019on ne le souhaite - Viqtor","og_description":"On est parfois plus responsable qu\u2019on ne le pense\u2026 ou qu\u2019on ne le souhaite - Viqtor","og_url":"https:\/\/viqtor.eu\/de\/on-est-parfois-plus-responsable-quon-ne-le-pense-ou-quon-ne-le-souhaite\/","og_site_name":"Viqtor","article_published_time":"2023-04-25T14:32:17+00:00","article_modified_time":"2024-08-06T11:06:32+00:00","og_image":[{"width":1000,"height":645,"url":"https:\/\/viqtor.eu\/wp-content\/uploads\/2026\/04\/widget-viqtor.png","type":"image\/jpeg"}],"author":"Bruno","twitter_card":"summary_large_image","twitter_misc":{"Geschrieben von":"Bruno","Gesch\u00e4tzte Lesezeit":"5\u00a0Minuten"},"schema":{"@context":"https:\/\/schema.org","@graph":[{"@type":"Article","@id":"https:\/\/viqtor.eu\/on-est-parfois-plus-responsable-quon-ne-le-pense-ou-quon-ne-le-souhaite\/#article","isPartOf":{"@id":"https:\/\/viqtor.eu\/on-est-parfois-plus-responsable-quon-ne-le-pense-ou-quon-ne-le-souhaite\/"},"author":{"name":"Bruno","@id":"https:\/\/viqtor.eu\/#\/schema\/person\/3dbd9cc82a28f6cf1695c92eda0099ad"},"headline":"On est parfois plus responsable qu\u2019on ne le pense\u2026 ou qu\u2019on ne le souhaite","datePublished":"2023-04-25T14:32:17+00:00","dateModified":"2024-08-06T11:06:32+00:00","mainEntityOfPage":{"@id":"https:\/\/viqtor.eu\/on-est-parfois-plus-responsable-quon-ne-le-pense-ou-quon-ne-le-souhaite\/"},"wordCount":1124,"publisher":{"@id":"https:\/\/viqtor.eu\/#organization"},"image":{"@id":"https:\/\/viqtor.eu\/on-est-parfois-plus-responsable-quon-ne-le-pense-ou-quon-ne-le-souhaite\/#primaryimage"},"thumbnailUrl":"https:\/\/viqtor.eu\/wp-content\/uploads\/2023\/04\/shutterstock_1318808819.jpg","articleSection":["Veille juridique"],"inLanguage":"de"},{"@type":"WebPage","@id":"https:\/\/viqtor.eu\/on-est-parfois-plus-responsable-quon-ne-le-pense-ou-quon-ne-le-souhaite\/","url":"https:\/\/viqtor.eu\/on-est-parfois-plus-responsable-quon-ne-le-pense-ou-quon-ne-le-souhaite\/","name":"On est parfois plus responsable qu\u2019on ne le pense\u2026 ou qu\u2019on ne le souhaite - Viqtor","isPartOf":{"@id":"https:\/\/viqtor.eu\/#website"},"primaryImageOfPage":{"@id":"https:\/\/viqtor.eu\/on-est-parfois-plus-responsable-quon-ne-le-pense-ou-quon-ne-le-souhaite\/#primaryimage"},"image":{"@id":"https:\/\/viqtor.eu\/on-est-parfois-plus-responsable-quon-ne-le-pense-ou-quon-ne-le-souhaite\/#primaryimage"},"thumbnailUrl":"https:\/\/viqtor.eu\/wp-content\/uploads\/2023\/04\/shutterstock_1318808819.jpg","datePublished":"2023-04-25T14:32:17+00:00","dateModified":"2024-08-06T11:06:32+00:00","description":"On est parfois plus responsable qu\u2019on ne le pense\u2026 ou qu\u2019on ne le souhaite - Viqtor","breadcrumb":{"@id":"https:\/\/viqtor.eu\/on-est-parfois-plus-responsable-quon-ne-le-pense-ou-quon-ne-le-souhaite\/#breadcrumb"},"inLanguage":"de","potentialAction":[{"@type":"ReadAction","target":["https:\/\/viqtor.eu\/on-est-parfois-plus-responsable-quon-ne-le-pense-ou-quon-ne-le-souhaite\/"]}]},{"@type":"ImageObject","inLanguage":"de","@id":"https:\/\/viqtor.eu\/on-est-parfois-plus-responsable-quon-ne-le-pense-ou-quon-ne-le-souhaite\/#primaryimage","url":"https:\/\/viqtor.eu\/wp-content\/uploads\/2023\/04\/shutterstock_1318808819.jpg","contentUrl":"https:\/\/viqtor.eu\/wp-content\/uploads\/2023\/04\/shutterstock_1318808819.jpg","width":1000,"height":645},{"@type":"BreadcrumbList","@id":"https:\/\/viqtor.eu\/on-est-parfois-plus-responsable-quon-ne-le-pense-ou-quon-ne-le-souhaite\/#breadcrumb","itemListElement":[{"@type":"ListItem","position":1,"name":"Accueil","item":"https:\/\/viqtor.eu\/"},{"@type":"ListItem","position":2,"name":"On est parfois plus responsable qu\u2019on ne le pense\u2026 ou qu\u2019on ne le souhaite"}]},{"@type":"WebSite","@id":"https:\/\/viqtor.eu\/#website","url":"https:\/\/viqtor.eu\/","name":"Viqtor","description":"Faites du RGPD une opportunit\u00e9 pour votre entreprise.","publisher":{"@id":"https:\/\/viqtor.eu\/#organization"},"potentialAction":[{"@type":"SearchAction","target":{"@type":"EntryPoint","urlTemplate":"https:\/\/viqtor.eu\/?s={search_term_string}"},"query-input":{"@type":"PropertyValueSpecification","valueRequired":true,"valueName":"search_term_string"}}],"inLanguage":"de"},{"@type":"Organization","@id":"https:\/\/viqtor.eu\/#organization","name":"viqtor.eu","url":"https:\/\/viqtor.eu\/","logo":{"@type":"ImageObject","inLanguage":"de","@id":"https:\/\/viqtor.eu\/#\/schema\/logo\/image\/","url":"https:\/\/viqtor.eu\/wp-content\/uploads\/2023\/06\/favicon-noir.svg","contentUrl":"https:\/\/viqtor.eu\/wp-content\/uploads\/2023\/06\/favicon-noir.svg","width":108,"height":86,"caption":"viqtor.eu"},"image":{"@id":"https:\/\/viqtor.eu\/#\/schema\/logo\/image\/"}},{"@type":"Person","@id":"https:\/\/viqtor.eu\/#\/schema\/person\/3dbd9cc82a28f6cf1695c92eda0099ad","name":"Bruno","image":{"@type":"ImageObject","inLanguage":"de","@id":"https:\/\/viqtor.eu\/#\/schema\/person\/image\/","url":"https:\/\/secure.gravatar.com\/avatar\/e5a596f9489de15bfe046e97fb771f63589b601ca7e81ccc2bb9a23582f441a3?s=96&d=mm&r=g","contentUrl":"https:\/\/secure.gravatar.com\/avatar\/e5a596f9489de15bfe046e97fb771f63589b601ca7e81ccc2bb9a23582f441a3?s=96&d=mm&r=g","caption":"Bruno"},"sameAs":["https:\/\/exciting-panini.13-37-234-21.plesk.page"],"url":"https:\/\/viqtor.eu\/de\/author\/mouad_zxum2ebi\/"}]}},"_links":{"self":[{"href":"https:\/\/viqtor.eu\/de\/wp-json\/wp\/v2\/posts\/5811","targetHints":{"allow":["GET"]}}],"collection":[{"href":"https:\/\/viqtor.eu\/de\/wp-json\/wp\/v2\/posts"}],"about":[{"href":"https:\/\/viqtor.eu\/de\/wp-json\/wp\/v2\/types\/post"}],"author":[{"embeddable":true,"href":"https:\/\/viqtor.eu\/de\/wp-json\/wp\/v2\/users\/1"}],"replies":[{"embeddable":true,"href":"https:\/\/viqtor.eu\/de\/wp-json\/wp\/v2\/comments?post=5811"}],"version-history":[{"count":8,"href":"https:\/\/viqtor.eu\/de\/wp-json\/wp\/v2\/posts\/5811\/revisions"}],"predecessor-version":[{"id":12155,"href":"https:\/\/viqtor.eu\/de\/wp-json\/wp\/v2\/posts\/5811\/revisions\/12155"}],"wp:featuredmedia":[{"embeddable":true,"href":"https:\/\/viqtor.eu\/de\/wp-json\/wp\/v2\/media\/5835"}],"wp:attachment":[{"href":"https:\/\/viqtor.eu\/de\/wp-json\/wp\/v2\/media?parent=5811"}],"wp:term":[{"taxonomy":"category","embeddable":true,"href":"https:\/\/viqtor.eu\/de\/wp-json\/wp\/v2\/categories?post=5811"},{"taxonomy":"post_tag","embeddable":true,"href":"https:\/\/viqtor.eu\/de\/wp-json\/wp\/v2\/tags?post=5811"}],"curies":[{"name":"wp","href":"https:\/\/api.w.org\/{rel}","templated":true}]}}